{"id":1267,"date":"2024-12-12T14:57:50","date_gmt":"2024-12-12T13:57:50","guid":{"rendered":"https:\/\/wasserfreundewuppertal.de\/blog\/?p=1267"},"modified":"2024-12-12T14:57:50","modified_gmt":"2024-12-12T13:57:50","slug":"andrea-focke-unsere-neue-ansprechpartnerin-fuer-mitgliederanfragen","status":"publish","type":"post","link":"https:\/\/wasserfreundewuppertal.de\/blog\/2024\/12\/12\/andrea-focke-unsere-neue-ansprechpartnerin-fuer-mitgliederanfragen\/","title":{"rendered":"Andrea Focke: Unsere neue Ansprechpartnerin f\u00fcr Mitgliederanfragen"},"content":{"rendered":"<p><strong>Willkommen Andrea Focke: Unsere neue Ansprechpartnerin f\u00fcr Mitgliederanfragen<\/strong><\/p>\n<p>Wir freuen uns, <strong>Andrea Focke<\/strong> als neues Gesicht in unserer Gesch\u00e4ftsstelle willkommen zu hei\u00dfen! Andrea bringt nicht nur langj\u00e4hrige Erfahrung als Mitglied mit, sondern hat sich in den ersten Monaten bereits intensiv eingearbeitet und einen umfassenden \u00dcberblick verschafft.<br \/>\nMit ihrer ausgepr\u00e4gten kaufm\u00e4nnischen Expertise, die sie durch ihre T\u00e4tigkeit im Sekretariat einer Schule erworben hat, ist Andrea eine kompetente Ansprechpartnerin f\u00fcr alle Belange rund um die Mitgliedschaft. Ihr Organisationstalent und ihre strukturierte Arbeitsweise machen sie zur idealen ersten Anlaufstelle f\u00fcr Ihre Fragen und Anliegen.<br \/>\nPrivat ist Andrea genauso vielseitig wie beruflich: Sie ist sportlich aktiv, spielt Handball und genie\u00dft es, durch das Bergische Land zu joggen. Gemeinsam mit ihrem Mann, ihren drei Kindern und dem Hund liebt sie das Reisen. Besonders gern ist die Familie mit dem Camper unterwegs, um neue Orte zu entdecken und den Alltag hinter sich zu lassen.<br \/>\nDurch Andreas hauptberufliche Verpflichtungen hat sich die Ansprechzeit unserer Gesch\u00e4ftsstelle ge\u00e4ndert. Ab sofort sind wir <strong>montags von 09:00 bis 11:00 Uhr<\/strong> f\u00fcr Sie erreichbar. Andrea steht Ihnen in dieser Zeit gerne telefonisch unter 0202 85 291 oder per E-Mail an <strong>info@wasserfreundewuppertal.de<\/strong> zur Verf\u00fcgung.<br \/>\n<strong>Wir freuen uns sehr, Andrea an Bord zu haben<\/strong>, und sind \u00fcberzeugt, dass sie mit ihrem Know-how und ihrer freundlichen Art eine wertvolle Bereicherung f\u00fcr unseren Verein ist!<\/p>\n","protected":false},"excerpt":{"rendered":"<p>Willkommen Andrea Focke: Unsere neue Ansprechpartnerin f\u00fcr Mitgliederanfragen Wir freuen uns, Andrea Focke als neues Gesicht in unserer Gesch\u00e4ftsstelle willkommen zu hei\u00dfen! Andrea bringt nicht nur langj\u00e4hrige Erfahrung als Mitglied mit, sondern hat sich in den ersten Monaten bereits intensiv eingearbeitet und einen umfassenden \u00dcberblick verschafft. Mit ihrer ausgepr\u00e4gten kaufm\u00e4nnischen Expertise, die sie durch ihre&hellip;&nbsp;<a href=\"https:\/\/wasserfreundewuppertal.de\/blog\/2024\/12\/12\/andrea-focke-unsere-neue-ansprechpartnerin-fuer-mitgliederanfragen\/\" rel=\"bookmark\">Weiterlesen &raquo;<span class=\"screen-reader-text\">Andrea Focke: Unsere neue Ansprechpartnerin f\u00fcr Mitgliederanfragen<\/span><\/a><\/p>\n","protected":false},"author":1,"featured_media":1268,"comment_status":"closed","ping_status":"closed","sticky":false,"template":"","format":"standard","meta":{"neve_meta_sidebar":"","neve_meta_container":"","neve_meta_enable_content_width":"off","neve_meta_content_width":70,"neve_meta_title_alignment":"","neve_meta_author_avatar":"","neve_post_elements_order":"","neve_meta_disable_header":"","neve_meta_disable_footer":"","neve_meta_disable_title":"","footnotes":""},"categories":[1,66],"tags":[357,358,356,270,355,359],"class_list":["post-1267","post","type-post","status-publish","format-standard","has-post-thumbnail","hentry","category-allgemein","category-eigenbad","tag-andrea-focke","tag-ansprechpartnerin","tag-buero","tag-buerokraft","tag-geschaeftsstelle","tag-mitgliederanfragen"],"_links":{"self":[{"href":"https:\/\/wasserfreundewuppertal.de\/blog\/wp-json\/wp\/v2\/posts\/1267","targetHints":{"allow":["GET"]}}],"collection":[{"href":"https:\/\/wasserfreundewuppertal.de\/blog\/wp-json\/wp\/v2\/posts"}],"about":[{"href":"https:\/\/wasserfreundewuppertal.de\/blog\/wp-json\/wp\/v2\/types\/post"}],"author":[{"embeddable":true,"href":"https:\/\/wasserfreundewuppertal.de\/blog\/wp-json\/wp\/v2\/users\/1"}],"replies":[{"embeddable":true,"href":"https:\/\/wasserfreundewuppertal.de\/blog\/wp-json\/wp\/v2\/comments?post=1267"}],"version-history":[{"count":2,"href":"https:\/\/wasserfreundewuppertal.de\/blog\/wp-json\/wp\/v2\/posts\/1267\/revisions"}],"predecessor-version":[{"id":1270,"href":"https:\/\/wasserfreundewuppertal.de\/blog\/wp-json\/wp\/v2\/posts\/1267\/revisions\/1270"}],"wp:featuredmedia":[{"embeddable":true,"href":"https:\/\/wasserfreundewuppertal.de\/blog\/wp-json\/wp\/v2\/media\/1268"}],"wp:attachment":[{"href":"https:\/\/wasserfreundewuppertal.de\/blog\/wp-json\/wp\/v2\/media?parent=1267"}],"wp:term":[{"taxonomy":"category","embeddable":true,"href":"https:\/\/wasserfreundewuppertal.de\/blog\/wp-json\/wp\/v2\/categories?post=1267"},{"taxonomy":"post_tag","embeddable":true,"href":"https:\/\/wasserfreundewuppertal.de\/blog\/wp-json\/wp\/v2\/tags?post=1267"}],"curies":[{"name":"wp","href":"https:\/\/api.w.org\/{rel}","templated":true}]}}