{"id":1488,"date":"2025-05-06T10:50:21","date_gmt":"2025-05-06T08:50:21","guid":{"rendered":"https:\/\/wasserfreundewuppertal.de\/blog\/?p=1488"},"modified":"2025-05-06T10:50:21","modified_gmt":"2025-05-06T08:50:21","slug":"roman-babik-piano-solo-konzert","status":"publish","type":"post","link":"https:\/\/wasserfreundewuppertal.de\/blog\/2025\/05\/06\/roman-babik-piano-solo-konzert\/","title":{"rendered":"Roman Babik &#8211; Piano Solo Konzert"},"content":{"rendered":"<p>Erstes Solo-Konzert unseres Vereinsmitgliedes<br \/>\n<strong>Roman Babik &#8211; Piano Solo Konzert<br \/>\n<img loading=\"lazy\" decoding=\"async\" class=\"alignleft size-full wp-image-1490\" src=\"https:\/\/wasserfreundewuppertal.de\/blog\/wp-content\/uploads\/2025\/05\/Roman-Babic_Solokonzert-2025.jpg\" alt=\"\" width=\"900\" height=\"1200\" srcset=\"https:\/\/wasserfreundewuppertal.de\/blog\/wp-content\/uploads\/2025\/05\/Roman-Babic_Solokonzert-2025.jpg 900w, https:\/\/wasserfreundewuppertal.de\/blog\/wp-content\/uploads\/2025\/05\/Roman-Babic_Solokonzert-2025-225x300.jpg 225w, https:\/\/wasserfreundewuppertal.de\/blog\/wp-content\/uploads\/2025\/05\/Roman-Babic_Solokonzert-2025-768x1024.jpg 768w\" sizes=\"auto, (max-width: 900px) 100vw, 900px\" \/><\/strong><br \/>\nAn diesem Abend feiert der pr\u00e4mierte Pianist Roman Babik sein mit Spannung erwartetes<br \/>\nerstes Solo-Konzert. Eine Reise durch seine einzigartigen Eigenkompositionen.<br \/>\nMit herzzerrei\u00dfenden Melodien, ausgekl\u00fcgelten Grooves und mitrei\u00dfenden Soli entf\u00fchrt<br \/>\nBabik sein Publikum in eine Welt, die sich an der Schnittstelle von Jazz, Filmmusik und<br \/>\nNeoklassik bewegt.<br \/>\n<strong><br \/>\nJury des Von der Heydt-F\u00f6rderpreises \u00fcber Babik:<\/strong><br \/>\n\u201eBabiks Instrumentalspiel ist ein Gegenpol zur g\u00e4ngigen Klavier\u00e4stethik. Wer in einem<br \/>\nKonzert von Babik sitzt, erlebt einen Improvisator, der mit Esprit, fulminanter Technik und<br \/>\nplanerischer Intelligenz bis an die Grenze des Machbaren geht &#8211; wuchtig, dynamisch nach<br \/>\noben wachsend und mit stetem rhythmischen Druck.\u201c<\/p>\n<p><strong>23.05.2025, um 20:00 Uhr<\/strong><br \/>\n<strong>Immanuelskirche Wuppertal<\/strong><br \/>\nTickets \u00fcber Wuppertal Live:<br \/>\n<a href=\"https:\/\/www.wuppertal-live.de\/537451\" target=\"_blank\" rel=\"noopener\">https:\/\/www.wuppertal-live.de\/537451<\/a><\/p>\n","protected":false},"excerpt":{"rendered":"<p>Erstes Solo-Konzert unseres Vereinsmitgliedes Roman Babik &#8211; Piano Solo Konzert An diesem Abend feiert der pr\u00e4mierte Pianist Roman Babik sein mit Spannung erwartetes erstes Solo-Konzert. Eine Reise durch seine einzigartigen Eigenkompositionen. Mit herzzerrei\u00dfenden Melodien, ausgekl\u00fcgelten Grooves und mitrei\u00dfenden Soli entf\u00fchrt Babik sein Publikum in eine Welt, die sich an der Schnittstelle von Jazz, Filmmusik und&hellip;&nbsp;<a href=\"https:\/\/wasserfreundewuppertal.de\/blog\/2025\/05\/06\/roman-babik-piano-solo-konzert\/\" rel=\"bookmark\">Weiterlesen &raquo;<span class=\"screen-reader-text\">Roman Babik &#8211; Piano Solo Konzert<\/span><\/a><\/p>\n","protected":false},"author":1,"featured_media":1489,"comment_status":"closed","ping_status":"closed","sticky":false,"template":"","format":"standard","meta":{"neve_meta_sidebar":"","neve_meta_container":"","neve_meta_enable_content_width":"off","neve_meta_content_width":70,"neve_meta_title_alignment":"","neve_meta_author_avatar":"","neve_post_elements_order":"","neve_meta_disable_header":"","neve_meta_disable_footer":"","neve_meta_disable_title":"","footnotes":""},"categories":[235,326],"tags":[434,329,328,435,327,194],"class_list":["post-1488","post","type-post","status-publish","format-standard","has-post-thumbnail","hentry","category-event","category-kultur","tag-immanuelskirche-wuppertal","tag-konzert","tag-kultur","tag-piano","tag-roman-babic","tag-wuppertal"],"_links":{"self":[{"href":"https:\/\/wasserfreundewuppertal.de\/blog\/wp-json\/wp\/v2\/posts\/1488","targetHints":{"allow":["GET"]}}],"collection":[{"href":"https:\/\/wasserfreundewuppertal.de\/blog\/wp-json\/wp\/v2\/posts"}],"about":[{"href":"https:\/\/wasserfreundewuppertal.de\/blog\/wp-json\/wp\/v2\/types\/post"}],"author":[{"embeddable":true,"href":"https:\/\/wasserfreundewuppertal.de\/blog\/wp-json\/wp\/v2\/users\/1"}],"replies":[{"embeddable":true,"href":"https:\/\/wasserfreundewuppertal.de\/blog\/wp-json\/wp\/v2\/comments?post=1488"}],"version-history":[{"count":1,"href":"https:\/\/wasserfreundewuppertal.de\/blog\/wp-json\/wp\/v2\/posts\/1488\/revisions"}],"predecessor-version":[{"id":1491,"href":"https:\/\/wasserfreundewuppertal.de\/blog\/wp-json\/wp\/v2\/posts\/1488\/revisions\/1491"}],"wp:featuredmedia":[{"embeddable":true,"href":"https:\/\/wasserfreundewuppertal.de\/blog\/wp-json\/wp\/v2\/media\/1489"}],"wp:attachment":[{"href":"https:\/\/wasserfreundewuppertal.de\/blog\/wp-json\/wp\/v2\/media?parent=1488"}],"wp:term":[{"taxonomy":"category","embeddable":true,"href":"https:\/\/wasserfreundewuppertal.de\/blog\/wp-json\/wp\/v2\/categories?post=1488"},{"taxonomy":"post_tag","embeddable":true,"href":"https:\/\/wasserfreundewuppertal.de\/blog\/wp-json\/wp\/v2\/tags?post=1488"}],"curies":[{"name":"wp","href":"https:\/\/api.w.org\/{rel}","templated":true}]}}