{"id":1578,"date":"2025-06-20T09:18:36","date_gmt":"2025-06-20T07:18:36","guid":{"rendered":"https:\/\/wasserfreundewuppertal.de\/blog\/?p=1578"},"modified":"2025-06-20T09:18:59","modified_gmt":"2025-06-20T07:18:59","slug":"roman-babik-babik-q-im-loch-sa-28-06-2025","status":"publish","type":"post","link":"https:\/\/wasserfreundewuppertal.de\/blog\/2025\/06\/20\/roman-babik-babik-q-im-loch-sa-28-06-2025\/","title":{"rendered":"Roman Babik: Babik-Q &#8211; im Loch,  Sa. 28.06.2025"},"content":{"rendered":"<p><strong>Roman Babik im Loch<\/strong><br \/>\nBabik-Q | <strong>Sa 28.6. um 20 Uhr<\/strong> | Loch Wuppertal | <a href=\"http:\/\/www.loch-wuppertal.de\" target=\"_blank\" rel=\"noopener\">www.loch-wuppertal.de<\/a><\/p>\n<p><strong><span style=\"color: #008000;\">Unser Vereinsmitglied \/\/<\/span> <\/strong>Der Wuppertaler Jazzpianist <strong>Roman Babik<\/strong> stellt an diesem Abend sein neues Quartett \u201e<strong>Babik-Q<\/strong>\u201c mit einem brandneuen Programm vor. Eigene Kompositionen von Babik mit einer explosiven Mischung aus vertrackten Rhythmen, mitrei\u00dfenden Loops, sph\u00e4rischen Sounds und fetten Beats.<br \/>\n<strong>Von der Heydt-F\u00f6rderpreis der Stadt Wuppertal<\/strong>; die Jury w\u00fcrdigte ihn wie folgt: &#8220;Babiks&#8221; Instrumentalspiel ist ein Gegenpol zur g\u00e4ngigen Klavier\u00e4stethik. Wer in einem Konzert von Babik sitzt, erlebt einen Improvisator, der mit Esprit, fulminanter Technik und planerischer Intelligenz bis an die Grenze des Machbaren geht &#8211; wuchtig, dynamisch nach oben wachsend und mit stetem rhythmischen Druck.<br \/>\n<a href=\"https:\/\/loch-wuppertal.de\/programm\/kalender\/roman-babik-2187\" target=\"_blank\" rel=\"noopener\">https:\/\/loch-wuppertal.de\/programm\/kalender\/roman-babik-2187<\/a><\/p>\n<p><img loading=\"lazy\" decoding=\"async\" class=\"alignleft size-full wp-image-1579\" src=\"https:\/\/wasserfreundewuppertal.de\/blog\/wp-content\/uploads\/2025\/06\/Roman-Babic_2025-06.jpg\" alt=\"\" width=\"1265\" height=\"429\" srcset=\"https:\/\/wasserfreundewuppertal.de\/blog\/wp-content\/uploads\/2025\/06\/Roman-Babic_2025-06.jpg 1265w, https:\/\/wasserfreundewuppertal.de\/blog\/wp-content\/uploads\/2025\/06\/Roman-Babic_2025-06-300x102.jpg 300w, https:\/\/wasserfreundewuppertal.de\/blog\/wp-content\/uploads\/2025\/06\/Roman-Babic_2025-06-1024x347.jpg 1024w, https:\/\/wasserfreundewuppertal.de\/blog\/wp-content\/uploads\/2025\/06\/Roman-Babic_2025-06-768x260.jpg 768w\" sizes=\"auto, (max-width: 1265px) 100vw, 1265px\" \/><\/p>\n","protected":false},"excerpt":{"rendered":"<p>Roman Babik im Loch Babik-Q | Sa 28.6. um 20 Uhr | Loch Wuppertal | www.loch-wuppertal.de Unser Vereinsmitglied \/\/ Der Wuppertaler Jazzpianist Roman Babik stellt an diesem Abend sein neues Quartett \u201eBabik-Q\u201c mit einem brandneuen Programm vor. Eigene Kompositionen von Babik mit einer explosiven Mischung aus vertrackten Rhythmen, mitrei\u00dfenden Loops, sph\u00e4rischen Sounds und fetten Beats.&hellip;&nbsp;<a href=\"https:\/\/wasserfreundewuppertal.de\/blog\/2025\/06\/20\/roman-babik-babik-q-im-loch-sa-28-06-2025\/\" rel=\"bookmark\">Weiterlesen &raquo;<span class=\"screen-reader-text\">Roman Babik: Babik-Q &#8211; im Loch,  Sa. 28.06.2025<\/span><\/a><\/p>\n","protected":false},"author":1,"featured_media":1580,"comment_status":"closed","ping_status":"closed","sticky":false,"template":"","format":"standard","meta":{"neve_meta_sidebar":"","neve_meta_container":"","neve_meta_enable_content_width":"off","neve_meta_content_width":70,"neve_meta_title_alignment":"","neve_meta_author_avatar":"","neve_post_elements_order":"","neve_meta_disable_header":"","neve_meta_disable_footer":"","neve_meta_disable_title":"","footnotes":""},"categories":[1,235],"tags":[473,472,329,328,474,327,332,194],"class_list":["post-1578","post","type-post","status-publish","format-standard","has-post-thumbnail","hentry","category-allgemein","category-event","tag-babik-q","tag-jazz","tag-konzert","tag-kultur","tag-loch","tag-roman-babic","tag-veranstaltung","tag-wuppertal"],"_links":{"self":[{"href":"https:\/\/wasserfreundewuppertal.de\/blog\/wp-json\/wp\/v2\/posts\/1578","targetHints":{"allow":["GET"]}}],"collection":[{"href":"https:\/\/wasserfreundewuppertal.de\/blog\/wp-json\/wp\/v2\/posts"}],"about":[{"href":"https:\/\/wasserfreundewuppertal.de\/blog\/wp-json\/wp\/v2\/types\/post"}],"author":[{"embeddable":true,"href":"https:\/\/wasserfreundewuppertal.de\/blog\/wp-json\/wp\/v2\/users\/1"}],"replies":[{"embeddable":true,"href":"https:\/\/wasserfreundewuppertal.de\/blog\/wp-json\/wp\/v2\/comments?post=1578"}],"version-history":[{"count":1,"href":"https:\/\/wasserfreundewuppertal.de\/blog\/wp-json\/wp\/v2\/posts\/1578\/revisions"}],"predecessor-version":[{"id":1581,"href":"https:\/\/wasserfreundewuppertal.de\/blog\/wp-json\/wp\/v2\/posts\/1578\/revisions\/1581"}],"wp:featuredmedia":[{"embeddable":true,"href":"https:\/\/wasserfreundewuppertal.de\/blog\/wp-json\/wp\/v2\/media\/1580"}],"wp:attachment":[{"href":"https:\/\/wasserfreundewuppertal.de\/blog\/wp-json\/wp\/v2\/media?parent=1578"}],"wp:term":[{"taxonomy":"category","embeddable":true,"href":"https:\/\/wasserfreundewuppertal.de\/blog\/wp-json\/wp\/v2\/categories?post=1578"},{"taxonomy":"post_tag","embeddable":true,"href":"https:\/\/wasserfreundewuppertal.de\/blog\/wp-json\/wp\/v2\/tags?post=1578"}],"curies":[{"name":"wp","href":"https:\/\/api.w.org\/{rel}","templated":true}]}}