{"id":2072,"date":"2025-12-21T20:24:29","date_gmt":"2025-12-21T19:24:29","guid":{"rendered":"https:\/\/wasserfreundewuppertal.de\/blog\/?p=2072"},"modified":"2025-12-21T20:24:29","modified_gmt":"2025-12-21T19:24:29","slug":"masters-em-kurzbahn-2025-in-lublin-polen","status":"publish","type":"post","link":"https:\/\/wasserfreundewuppertal.de\/blog\/2025\/12\/21\/masters-em-kurzbahn-2025-in-lublin-polen\/","title":{"rendered":"Masters-EM Kurzbahn 2025 in Lublin (Polen)"},"content":{"rendered":"<p>\ud83c\uddf5\ud83c\uddf1\ud83c\udfca\u200d\u2640\ufe0f <strong>Masters-EM Kurzbahn 2025 in Lublin (Polen)<\/strong> \ud83c\udfca\u200d\u2640\ufe0f\ud83c\uddf5\ud83c\uddf1<br \/>\nWir berichteten ja bereits , das unsere Masters Sandra &amp; Kathi vom 10.\u201314. November bei der Masters-Europameisterschaft auf der Kurzbahn in Lublin an den Start gegangen sind \u2013 und das \u00e4u\u00dferst erfolgreich. Die EM bildete den Saisonh\u00f6hepunkt eines starken Wettkampfjahres und bot perfekte Rahmenbedingungen: eine tolle Atmosph\u00e4re, professionelle Organisation, ein sehr schnelles Becken und eine wundersch\u00f6ne Altstadt.<br \/>\n<strong>Katharina Ashauer<\/strong> \u00fcberzeugte mit konstant starken Leistungen \u00fcber die Freistil-Distanzen:<br \/>\n\u2022 \ud83c\udfc5 4. Platz \u00fcber 800 m Freistil in 11:37,55<br \/>\n\u2022 6. Platz \u00fcber 400 m Freistil in 5:36,90<br \/>\n\u2022 8. Platz \u00fcber 200 m Freistil in 2:43,85<br \/>\n<strong>Sandra Offermann<\/strong> zeigte ihre Klasse besonders in den Brust- und Lagenrennen und durfte sich gleich mehrfach \u00fcber Podestpl\u00e4tze freuen:<br \/>\n\u2022 \ud83e\udd49 3. Platz \u00fcber 50 m Brust in 38,51<br \/>\n\u2022 \ud83e\udd49 3. Platz \u00fcber 100 m Brust in 1:24,63<br \/>\n\u2022 4. Platz \u00fcber 200 m Brust in 3:06,49<br \/>\n\u2022 6. Platz \u00fcber 100 m Lagen in 1:18,41<br \/>\n<strong>Das gezielte Training unter Axel Focke zahlte sich aus<\/strong> \u2013 beide Athletinnen konnten ihre Leistungen im Vergleich zu den Deutschen Meisterschaften in Essen nochmals steigern.<br \/>\n\ud83d\udc49 Fazit: Eine rundum gelungene EM mit starken Platzierungen, Medaillen und <strong>vielen positiven Eindr\u00fccken f\u00fcr die SG Wuppertal<\/strong>.<br \/>\n<strong>Gl\u00fcckwunsch an Kathi und Sandra!<\/strong> \ud83c\udf89<br \/>\nBeitrag zuerst auf der <a href=\"https:\/\/www.facebook.com\/wasserfreundewuppertal\" target=\"_blank\" rel=\"noopener\">Wasserfreunde Facebook Seite<\/a> erschienen<\/p>\n<p><img loading=\"lazy\" decoding=\"async\" class=\"size-full wp-image-2073 alignnone\" src=\"https:\/\/wasserfreundewuppertal.de\/blog\/wp-content\/uploads\/2025\/12\/601379158_1459228146211453_644403076331753595_n.jpg\" alt=\"\" width=\"1500\" height=\"1875\" srcset=\"https:\/\/wasserfreundewuppertal.de\/blog\/wp-content\/uploads\/2025\/12\/601379158_1459228146211453_644403076331753595_n.jpg 1500w, https:\/\/wasserfreundewuppertal.de\/blog\/wp-content\/uploads\/2025\/12\/601379158_1459228146211453_644403076331753595_n-240x300.jpg 240w, https:\/\/wasserfreundewuppertal.de\/blog\/wp-content\/uploads\/2025\/12\/601379158_1459228146211453_644403076331753595_n-819x1024.jpg 819w, https:\/\/wasserfreundewuppertal.de\/blog\/wp-content\/uploads\/2025\/12\/601379158_1459228146211453_644403076331753595_n-768x960.jpg 768w, https:\/\/wasserfreundewuppertal.de\/blog\/wp-content\/uploads\/2025\/12\/601379158_1459228146211453_644403076331753595_n-1229x1536.jpg 1229w, https:\/\/wasserfreundewuppertal.de\/blog\/wp-content\/uploads\/2025\/12\/601379158_1459228146211453_644403076331753595_n-1320x1650.jpg 1320w\" sizes=\"auto, (max-width: 1500px) 100vw, 1500px\" \/><\/p>\n","protected":false},"excerpt":{"rendered":"<p>\ud83c\uddf5\ud83c\uddf1\ud83c\udfca\u200d\u2640\ufe0f Masters-EM Kurzbahn 2025 in Lublin (Polen) \ud83c\udfca\u200d\u2640\ufe0f\ud83c\uddf5\ud83c\uddf1 Wir berichteten ja bereits , das unsere Masters Sandra &amp; Kathi vom 10.\u201314. November bei der Masters-Europameisterschaft auf der Kurzbahn in Lublin an den Start gegangen sind \u2013 und das \u00e4u\u00dferst erfolgreich. Die EM bildete den Saisonh\u00f6hepunkt eines starken Wettkampfjahres und bot perfekte Rahmenbedingungen: eine tolle Atmosph\u00e4re,&hellip;&nbsp;<a href=\"https:\/\/wasserfreundewuppertal.de\/blog\/2025\/12\/21\/masters-em-kurzbahn-2025-in-lublin-polen\/\" rel=\"bookmark\">Weiterlesen &raquo;<span class=\"screen-reader-text\">Masters-EM Kurzbahn 2025 in Lublin (Polen)<\/span><\/a><\/p>\n","protected":false},"author":1,"featured_media":2074,"comment_status":"closed","ping_status":"closed","sticky":false,"template":"","format":"standard","meta":{"neve_meta_sidebar":"","neve_meta_container":"","neve_meta_enable_content_width":"off","neve_meta_content_width":70,"neve_meta_title_alignment":"","neve_meta_author_avatar":"","neve_post_elements_order":"","neve_meta_disable_header":"","neve_meta_disable_footer":"","neve_meta_disable_title":"","footnotes":""},"categories":[1,132,162,19,41],"tags":[206,57,348,580,133,579,581,135,491,22],"class_list":["post-2072","post","type-post","status-publish","format-standard","has-post-thumbnail","hentry","category-allgemein","category-masters","category-meisterschaften","category-schwimmen","category-wettbewerb","tag-axel-focke","tag-katharina-ashauer","tag-kurzbahn","tag-lublin","tag-masters","tag-masters-em","tag-masters-em-kurzbahn-2025","tag-sandra-offermann","tag-schwimmsport","tag-wettkampf"],"_links":{"self":[{"href":"https:\/\/wasserfreundewuppertal.de\/blog\/wp-json\/wp\/v2\/posts\/2072","targetHints":{"allow":["GET"]}}],"collection":[{"href":"https:\/\/wasserfreundewuppertal.de\/blog\/wp-json\/wp\/v2\/posts"}],"about":[{"href":"https:\/\/wasserfreundewuppertal.de\/blog\/wp-json\/wp\/v2\/types\/post"}],"author":[{"embeddable":true,"href":"https:\/\/wasserfreundewuppertal.de\/blog\/wp-json\/wp\/v2\/users\/1"}],"replies":[{"embeddable":true,"href":"https:\/\/wasserfreundewuppertal.de\/blog\/wp-json\/wp\/v2\/comments?post=2072"}],"version-history":[{"count":1,"href":"https:\/\/wasserfreundewuppertal.de\/blog\/wp-json\/wp\/v2\/posts\/2072\/revisions"}],"predecessor-version":[{"id":2075,"href":"https:\/\/wasserfreundewuppertal.de\/blog\/wp-json\/wp\/v2\/posts\/2072\/revisions\/2075"}],"wp:featuredmedia":[{"embeddable":true,"href":"https:\/\/wasserfreundewuppertal.de\/blog\/wp-json\/wp\/v2\/media\/2074"}],"wp:attachment":[{"href":"https:\/\/wasserfreundewuppertal.de\/blog\/wp-json\/wp\/v2\/media?parent=2072"}],"wp:term":[{"taxonomy":"category","embeddable":true,"href":"https:\/\/wasserfreundewuppertal.de\/blog\/wp-json\/wp\/v2\/categories?post=2072"},{"taxonomy":"post_tag","embeddable":true,"href":"https:\/\/wasserfreundewuppertal.de\/blog\/wp-json\/wp\/v2\/tags?post=2072"}],"curies":[{"name":"wp","href":"https:\/\/api.w.org\/{rel}","templated":true}]}}