{"id":2114,"date":"2026-02-16T13:55:31","date_gmt":"2026-02-16T12:55:31","guid":{"rendered":"https:\/\/wasserfreundewuppertal.de\/blog\/?p=2114"},"modified":"2026-02-16T13:33:21","modified_gmt":"2026-02-16T12:33:21","slug":"gemeinsam-fuer-jakob-%f0%9f%92%9a%f0%9f%92%9b","status":"publish","type":"post","link":"https:\/\/wasserfreundewuppertal.de\/blog\/2026\/02\/16\/gemeinsam-fuer-jakob-%f0%9f%92%9a%f0%9f%92%9b\/","title":{"rendered":"Gemeinsam f\u00fcr Jakob \ud83d\udc9a\ud83d\udc9b"},"content":{"rendered":"<p>Manchmal stellt das Leben uns vor Herausforderungen, die man nicht allein gehen sollte. Genau in so einem Moment stehen wir als Verein und als Schwimmgemeinschaft zusammen.<\/p>\n<p>Unser Schwimmer <strong>Jakob <\/strong>ist ein unglaublich herzensguter und wunderbarer Mensch, ein fester Bestandteil unseres Teams und aus unserer TG2 nicht wegzudenken. Mit seiner liebenswerten Art, seinem Einsatz und seinem Teamgeist bereichert er unser Training und unsere Gemeinschaft auf ganz besondere Weise.<\/p>\n<p>Vor wenigen Tagen hat Jakobs Familie eine ersch\u00fctternde Diagnose erhalten, eine Diagnose, die alles ver\u00e4ndert:<\/p>\n<p>X-chromosomale Adrenoleukodystrophie (X-ALD) in der cerebralen Verlaufsform (CCALD) sowie Morbus Addison.<\/p>\n<p>Wir w\u00fcnschen uns von Herzen, dass Jakob noch lange, lange mit uns schwimmen kann \u2013 dass wir gemeinsam viele gl\u00fcckliche, sportliche und verbindende Momente im Wasser und dar\u00fcber hinaus erleben d\u00fcrfen.<\/p>\n<p>Als Wasserfreunde-Familie ist es f\u00fcr uns eine Herzensangelegenheit, Jakob sowie Emine, Nele und Simon auf diesem Weg zu unterst\u00fctzen. <\/p>\n<p>Mit der geteilten Fundraising-Aktion m\u00f6chten wir einen kleinen Beitrag leisten, um zu entlasten, zu unterst\u00fctzen und Hoffnung zu schenken.<\/p>\n<p>Von Herzen danken wir jeder einzelnen Person, die dieses Anliegen mittr\u00e4gt, teilt, unterst\u00fctzt oder durch eine Spende erleichtert. Jede Geste z\u00e4hlt. Danke! \ud83d\udc9a\ud83d\udc9b<\/p>\n<p>Hier k\u00f6nnt ihr Jakob unterst\u00fctzen und mehr erfahren: <\/p>\n<p><a href=\"https:\/\/www.gofundme.com\/f\/hilfe-fur-den-12-jahrigen-jakob\">GoFundMe<\/a><\/p>\n","protected":false},"excerpt":{"rendered":"<p>Manchmal stellt das Leben uns vor Herausforderungen, die man nicht allein gehen sollte. Genau in so einem Moment stehen wir als Verein und als Schwimmgemeinschaft zusammen. Unser Schwimmer Jakob ist ein unglaublich herzensguter und wunderbarer Mensch, ein fester Bestandteil unseres Teams und aus unserer TG2 nicht wegzudenken. Mit seiner liebenswerten Art, seinem Einsatz und seinem&hellip;&nbsp;<a href=\"https:\/\/wasserfreundewuppertal.de\/blog\/2026\/02\/16\/gemeinsam-fuer-jakob-%f0%9f%92%9a%f0%9f%92%9b\/\" rel=\"bookmark\">Weiterlesen &raquo;<span class=\"screen-reader-text\">Gemeinsam f\u00fcr Jakob \ud83d\udc9a\ud83d\udc9b<\/span><\/a><\/p>\n","protected":false},"author":3,"featured_media":2115,"comment_status":"closed","ping_status":"closed","sticky":false,"template":"","format":"standard","meta":{"neve_meta_sidebar":"","neve_meta_container":"","neve_meta_enable_content_width":"off","neve_meta_content_width":70,"neve_meta_title_alignment":"","neve_meta_author_avatar":"","neve_post_elements_order":"","neve_meta_disable_header":"","neve_meta_disable_footer":"","neve_meta_disable_title":"","footnotes":""},"categories":[221,225,499],"tags":[],"class_list":["post-2114","post","type-post","status-publish","format-standard","has-post-thumbnail","hentry","category-aktion","category-jugend","category-menschen"],"_links":{"self":[{"href":"https:\/\/wasserfreundewuppertal.de\/blog\/wp-json\/wp\/v2\/posts\/2114","targetHints":{"allow":["GET"]}}],"collection":[{"href":"https:\/\/wasserfreundewuppertal.de\/blog\/wp-json\/wp\/v2\/posts"}],"about":[{"href":"https:\/\/wasserfreundewuppertal.de\/blog\/wp-json\/wp\/v2\/types\/post"}],"author":[{"embeddable":true,"href":"https:\/\/wasserfreundewuppertal.de\/blog\/wp-json\/wp\/v2\/users\/3"}],"replies":[{"embeddable":true,"href":"https:\/\/wasserfreundewuppertal.de\/blog\/wp-json\/wp\/v2\/comments?post=2114"}],"version-history":[{"count":3,"href":"https:\/\/wasserfreundewuppertal.de\/blog\/wp-json\/wp\/v2\/posts\/2114\/revisions"}],"predecessor-version":[{"id":2118,"href":"https:\/\/wasserfreundewuppertal.de\/blog\/wp-json\/wp\/v2\/posts\/2114\/revisions\/2118"}],"wp:featuredmedia":[{"embeddable":true,"href":"https:\/\/wasserfreundewuppertal.de\/blog\/wp-json\/wp\/v2\/media\/2115"}],"wp:attachment":[{"href":"https:\/\/wasserfreundewuppertal.de\/blog\/wp-json\/wp\/v2\/media?parent=2114"}],"wp:term":[{"taxonomy":"category","embeddable":true,"href":"https:\/\/wasserfreundewuppertal.de\/blog\/wp-json\/wp\/v2\/categories?post=2114"},{"taxonomy":"post_tag","embeddable":true,"href":"https:\/\/wasserfreundewuppertal.de\/blog\/wp-json\/wp\/v2\/tags?post=2114"}],"curies":[{"name":"wp","href":"https:\/\/api.w.org\/{rel}","templated":true}]}}