{"id":518,"date":"2024-05-18T21:11:30","date_gmt":"2024-05-18T19:11:30","guid":{"rendered":"https:\/\/wasserfreundewuppertal.de\/blog\/?p=518"},"modified":"2024-05-18T23:11:35","modified_gmt":"2024-05-18T21:11:35","slug":"wasserfreunde-wuppertal-1883-e-v-werden-nun-offizielles-mitglied-im-brsnw","status":"publish","type":"post","link":"https:\/\/wasserfreundewuppertal.de\/blog\/2024\/05\/18\/wasserfreunde-wuppertal-1883-e-v-werden-nun-offizielles-mitglied-im-brsnw\/","title":{"rendered":"Wasserfreunde Wuppertal 1883 e.V. werden nun offizielles Mitglied im BRSNW"},"content":{"rendered":"<p>Wir freuen uns sehr verk\u00fcnden zu d\u00fcrfen, dass unser Mitgliedsantrag bei Behinderten- und Rehabilitationssportverband NRW e.V. (BRSNW) best\u00e4tigt worden ist.<\/p>\n<p>Wir als Verein stehen f\u00fcr Respekt, Toleranz und Vielfalt und m\u00f6chten unseren Beitrag f\u00fcr Integration und Inklusion leben und f\u00f6rdern.<\/p>\n<p>Jeder Mensch soll, unabh\u00e4ngig von individuellen Merkmalen, selbstbestimmt und gleichberechtigt an unseren gesellschaftlichen Bereichen teilnehmen k\u00f6nnen.<\/p>\n<p>Im Rahmen des Projektes &#8220;Auf einer Wellenl\u00e4nge-Inklusiv aktiv&#8221; werden wir ebenfalls zum Inklusions-Coach ausgebildet, um unseren Sport auch optimal f\u00f6rdern und begleiten zu k\u00f6nnen.<\/p>\n<p><b>Durch Sport findet Begegnung statt &#8211; wir freuen uns auf diese gemeinsame Reise und Aufgabe!<\/b><\/p>\n<p>&nbsp;<\/p>\n","protected":false},"excerpt":{"rendered":"<p>Wir freuen uns sehr verk\u00fcnden zu d\u00fcrfen, dass unser Mitgliedsantrag bei Behinderten- und Rehabilitationssportverband NRW e.V. (BRSNW) best\u00e4tigt worden ist. Wir als Verein stehen f\u00fcr Respekt, Toleranz und Vielfalt und m\u00f6chten unseren Beitrag f\u00fcr Integration und Inklusion leben und f\u00f6rdern. Jeder Mensch soll, unabh\u00e4ngig von individuellen Merkmalen, selbstbestimmt und gleichberechtigt an unseren gesellschaftlichen Bereichen teilnehmen&hellip;&nbsp;<a href=\"https:\/\/wasserfreundewuppertal.de\/blog\/2024\/05\/18\/wasserfreunde-wuppertal-1883-e-v-werden-nun-offizielles-mitglied-im-brsnw\/\" rel=\"bookmark\">Weiterlesen &raquo;<span class=\"screen-reader-text\">Wasserfreunde Wuppertal 1883 e.V. werden nun offizielles Mitglied im BRSNW<\/span><\/a><\/p>\n","protected":false},"author":2,"featured_media":521,"comment_status":"closed","ping_status":"closed","sticky":false,"template":"","format":"standard","meta":{"neve_meta_sidebar":"","neve_meta_container":"","neve_meta_enable_content_width":"off","neve_meta_content_width":70,"neve_meta_title_alignment":"","neve_meta_author_avatar":"","neve_post_elements_order":"","neve_meta_disable_header":"","neve_meta_disable_footer":"","neve_meta_disable_title":"","footnotes":""},"categories":[80,113,114,19],"tags":[81,119,116,118,115,117],"class_list":["post-518","post","type-post","status-publish","format-standard","has-post-thumbnail","hentry","category-aktion-mensch","category-inklusion","category-para-schwimmen","category-schwimmen","tag-aktion-mensch","tag-brsnw","tag-inklusion","tag-para-schwimmen","tag-rehabilitationssportverband-nrw-e-v","tag-schwimmen"],"_links":{"self":[{"href":"https:\/\/wasserfreundewuppertal.de\/blog\/wp-json\/wp\/v2\/posts\/518","targetHints":{"allow":["GET"]}}],"collection":[{"href":"https:\/\/wasserfreundewuppertal.de\/blog\/wp-json\/wp\/v2\/posts"}],"about":[{"href":"https:\/\/wasserfreundewuppertal.de\/blog\/wp-json\/wp\/v2\/types\/post"}],"author":[{"embeddable":true,"href":"https:\/\/wasserfreundewuppertal.de\/blog\/wp-json\/wp\/v2\/users\/2"}],"replies":[{"embeddable":true,"href":"https:\/\/wasserfreundewuppertal.de\/blog\/wp-json\/wp\/v2\/comments?post=518"}],"version-history":[{"count":3,"href":"https:\/\/wasserfreundewuppertal.de\/blog\/wp-json\/wp\/v2\/posts\/518\/revisions"}],"predecessor-version":[{"id":525,"href":"https:\/\/wasserfreundewuppertal.de\/blog\/wp-json\/wp\/v2\/posts\/518\/revisions\/525"}],"wp:featuredmedia":[{"embeddable":true,"href":"https:\/\/wasserfreundewuppertal.de\/blog\/wp-json\/wp\/v2\/media\/521"}],"wp:attachment":[{"href":"https:\/\/wasserfreundewuppertal.de\/blog\/wp-json\/wp\/v2\/media?parent=518"}],"wp:term":[{"taxonomy":"category","embeddable":true,"href":"https:\/\/wasserfreundewuppertal.de\/blog\/wp-json\/wp\/v2\/categories?post=518"},{"taxonomy":"post_tag","embeddable":true,"href":"https:\/\/wasserfreundewuppertal.de\/blog\/wp-json\/wp\/v2\/tags?post=518"}],"curies":[{"name":"wp","href":"https:\/\/api.w.org\/{rel}","templated":true}]}}