{"id":598,"date":"2024-06-29T12:05:05","date_gmt":"2024-06-29T10:05:05","guid":{"rendered":"https:\/\/wasserfreundewuppertal.de\/blog\/?p=598"},"modified":"2024-07-08T15:15:18","modified_gmt":"2024-07-08T13:15:18","slug":"schwimmkurse-im-eigenbad","status":"publish","type":"post","link":"https:\/\/wasserfreundewuppertal.de\/blog\/2024\/06\/29\/schwimmkurse-im-eigenbad\/","title":{"rendered":"Schwimmkurse im Eigenbad"},"content":{"rendered":"<p>Wir freuen uns, dass wir wieder <strong>Schwimmkurse in unserem Sportbad<\/strong> anbieten k\u00f6nnen.<br \/>\nAm Montag 01.07, Dienstag 02.07, Mittwoch 03.07, Donnerstag 04.07, Freitag 05.07 und Samstag 06.07 sind ein paar Bahnen zus\u00e4tzlich reserviert.<br \/>\nDie <strong>Bahnbelegung im Einzelnen<\/strong> findet ihr detailliert auf unserem Terminkalender:<br \/>\n<a href=\"https:\/\/kalender.digital\/ccbe18cef88e60ac6339\">https:\/\/kalender.digital\/ccbe18cef88e60ac6339<\/a><br \/>\nBei Bedarf ziehen wir eine f\u00fcnfte Leine ein.<\/p>\n<p><strong>BRSNW&#8230;?<\/strong> Was ist das?<br \/>\nDas ist der <strong>Behinderten- und Rehabilitationssportverband Nordrhein-Westfalen e.V.<\/strong><br \/>\nDurch die gro\u00dfe F\u00f6rderung von <strong><span class=\"html-span xdj266r x11i5rnm xat24cr x1mh8g0r xexx8yu x4uap5 x18d9i69 xkhd6sd x1hl2dhg x16tdsg8 x1vvkbs\"><span class=\"xt0psk2\">Aktion Mensch<\/span><\/span><\/strong> wurde die Anlage der Wasserfreunde barrierefrei gestaltet. Eine Behindertenumkleide mit WC und Dusche wurde gebaut. Eine Seiteneinstiegstreppe macht den Zustieg f\u00fcr viele leichter. <strong>Die Wasserfreunde sind sehr dankbar \u00fcber diese F\u00f6rderung, da ansonsten diese Ma\u00dfnahmen h\u00e4tten nicht umgesetzt werden k\u00f6nnen.<\/strong><\/p>\n","protected":false},"excerpt":{"rendered":"<p>Wir freuen uns, dass wir wieder Schwimmkurse in unserem Sportbad anbieten k\u00f6nnen. Am Montag 01.07, Dienstag 02.07, Mittwoch 03.07, Donnerstag 04.07, Freitag 05.07 und Samstag 06.07 sind ein paar Bahnen zus\u00e4tzlich reserviert. Die Bahnbelegung im Einzelnen findet ihr detailliert auf unserem Terminkalender: https:\/\/kalender.digital\/ccbe18cef88e60ac6339 Bei Bedarf ziehen wir eine f\u00fcnfte Leine ein. BRSNW&#8230;? Was ist das?&hellip;&nbsp;<a href=\"https:\/\/wasserfreundewuppertal.de\/blog\/2024\/06\/29\/schwimmkurse-im-eigenbad\/\" rel=\"bookmark\">Weiterlesen &raquo;<span class=\"screen-reader-text\">Schwimmkurse im Eigenbad<\/span><\/a><\/p>\n","protected":false},"author":1,"featured_media":599,"comment_status":"closed","ping_status":"closed","sticky":false,"template":"","format":"standard","meta":{"neve_meta_sidebar":"","neve_meta_container":"","neve_meta_enable_content_width":"off","neve_meta_content_width":70,"neve_meta_title_alignment":"","neve_meta_author_avatar":"","neve_post_elements_order":"","neve_meta_disable_header":"","neve_meta_disable_footer":"","neve_meta_disable_title":"","footnotes":""},"categories":[80,106,66,113,19,179,180],"tags":[182,119,129,183,184,185,181],"class_list":["post-598","post","type-post","status-publish","format-standard","has-post-thumbnail","hentry","category-aktion-mensch","category-bahnenbelegung","category-eigenbad","category-inklusion","category-schwimmen","category-schwimmkurse","category-schwimmtraining","tag-bahnbelegung","tag-brsnw","tag-schwimmkurs","tag-tg1","tag-tg2","tag-tg3","tag-training"],"_links":{"self":[{"href":"https:\/\/wasserfreundewuppertal.de\/blog\/wp-json\/wp\/v2\/posts\/598","targetHints":{"allow":["GET"]}}],"collection":[{"href":"https:\/\/wasserfreundewuppertal.de\/blog\/wp-json\/wp\/v2\/posts"}],"about":[{"href":"https:\/\/wasserfreundewuppertal.de\/blog\/wp-json\/wp\/v2\/types\/post"}],"author":[{"embeddable":true,"href":"https:\/\/wasserfreundewuppertal.de\/blog\/wp-json\/wp\/v2\/users\/1"}],"replies":[{"embeddable":true,"href":"https:\/\/wasserfreundewuppertal.de\/blog\/wp-json\/wp\/v2\/comments?post=598"}],"version-history":[{"count":4,"href":"https:\/\/wasserfreundewuppertal.de\/blog\/wp-json\/wp\/v2\/posts\/598\/revisions"}],"predecessor-version":[{"id":606,"href":"https:\/\/wasserfreundewuppertal.de\/blog\/wp-json\/wp\/v2\/posts\/598\/revisions\/606"}],"wp:featuredmedia":[{"embeddable":true,"href":"https:\/\/wasserfreundewuppertal.de\/blog\/wp-json\/wp\/v2\/media\/599"}],"wp:attachment":[{"href":"https:\/\/wasserfreundewuppertal.de\/blog\/wp-json\/wp\/v2\/media?parent=598"}],"wp:term":[{"taxonomy":"category","embeddable":true,"href":"https:\/\/wasserfreundewuppertal.de\/blog\/wp-json\/wp\/v2\/categories?post=598"},{"taxonomy":"post_tag","embeddable":true,"href":"https:\/\/wasserfreundewuppertal.de\/blog\/wp-json\/wp\/v2\/tags?post=598"}],"curies":[{"name":"wp","href":"https:\/\/api.w.org\/{rel}","templated":true}]}}